{"id":561883,"date":"2014-05-07T07:08:35","date_gmt":"2014-05-07T05:08:35","guid":{"rendered":"http:\/\/simoneundjoachim.de\/de\/?p=561883"},"modified":"2014-05-07T07:08:35","modified_gmt":"2014-05-07T05:08:35","slug":"amy-im-kindergarten","status":"publish","type":"post","link":"http:\/\/simoneundjoachim.de\/de\/2014\/05\/amy-im-kindergarten\/","title":{"rendered":"Amy im Kindergarten"},"content":{"rendered":"<p><a href=\"http:\/\/simoneundjoachim.de\/de\/wp-content\/uploads\/2014\/05\/Foto-1r.jpg\"><img decoding=\"async\" loading=\"lazy\" class=\"alignnone size-medium wp-image-561884\" alt=\"Foto 1r\" src=\"http:\/\/simoneundjoachim.de\/de\/wp-content\/uploads\/2014\/05\/Foto-1r-300x225.jpg\" width=\"300\" height=\"225\" srcset=\"http:\/\/simoneundjoachim.de\/de\/wp-content\/uploads\/2014\/05\/Foto-1r-300x225.jpg 300w, http:\/\/simoneundjoachim.de\/de\/wp-content\/uploads\/2014\/05\/Foto-1r-1024x768.jpg 1024w, http:\/\/simoneundjoachim.de\/de\/wp-content\/uploads\/2014\/05\/Foto-1r-400x300.jpg 400w, http:\/\/simoneundjoachim.de\/de\/wp-content\/uploads\/2014\/05\/Foto-1r.jpg 1280w\" sizes=\"(max-width: 300px) 100vw, 300px\" \/><\/a> <a href=\"http:\/\/simoneundjoachim.de\/de\/wp-content\/uploads\/2014\/05\/IMG_0418.jpg\"><img decoding=\"async\" loading=\"lazy\" class=\"alignnone size-medium wp-image-561887\" alt=\"IMG_0418\" src=\"http:\/\/simoneundjoachim.de\/de\/wp-content\/uploads\/2014\/05\/IMG_0418-300x225.jpg\" width=\"300\" height=\"225\" srcset=\"http:\/\/simoneundjoachim.de\/de\/wp-content\/uploads\/2014\/05\/IMG_0418-300x225.jpg 300w, http:\/\/simoneundjoachim.de\/de\/wp-content\/uploads\/2014\/05\/IMG_0418-1024x768.jpg 1024w, http:\/\/simoneundjoachim.de\/de\/wp-content\/uploads\/2014\/05\/IMG_0418-400x300.jpg 400w, http:\/\/simoneundjoachim.de\/de\/wp-content\/uploads\/2014\/05\/IMG_0418.jpg 1280w\" sizes=\"(max-width: 300px) 100vw, 300px\" \/><\/a><br \/>\n<a href=\"http:\/\/simoneundjoachim.de\/de\/wp-content\/uploads\/2014\/05\/IMG_0423.jpg\"><img decoding=\"async\" loading=\"lazy\" class=\"alignnone size-medium wp-image-561888\" alt=\"IMG_0423\" src=\"http:\/\/simoneundjoachim.de\/de\/wp-content\/uploads\/2014\/05\/IMG_0423-300x225.jpg\" width=\"300\" height=\"225\" srcset=\"http:\/\/simoneundjoachim.de\/de\/wp-content\/uploads\/2014\/05\/IMG_0423-300x225.jpg 300w, http:\/\/simoneundjoachim.de\/de\/wp-content\/uploads\/2014\/05\/IMG_0423-1024x768.jpg 1024w, http:\/\/simoneundjoachim.de\/de\/wp-content\/uploads\/2014\/05\/IMG_0423-400x300.jpg 400w, http:\/\/simoneundjoachim.de\/de\/wp-content\/uploads\/2014\/05\/IMG_0423.jpg 1280w\" sizes=\"(max-width: 300px) 100vw, 300px\" \/><\/a> <a href=\"http:\/\/simoneundjoachim.de\/de\/wp-content\/uploads\/2014\/05\/IMG_0411.jpg\"><img decoding=\"async\" loading=\"lazy\" class=\"alignnone size-medium wp-image-561886\" alt=\"IMG_0411\" src=\"http:\/\/simoneundjoachim.de\/de\/wp-content\/uploads\/2014\/05\/IMG_0411-300x225.jpg\" width=\"300\" height=\"225\" srcset=\"http:\/\/simoneundjoachim.de\/de\/wp-content\/uploads\/2014\/05\/IMG_0411-300x225.jpg 300w, http:\/\/simoneundjoachim.de\/de\/wp-content\/uploads\/2014\/05\/IMG_0411-1024x768.jpg 1024w, http:\/\/simoneundjoachim.de\/de\/wp-content\/uploads\/2014\/05\/IMG_0411-400x300.jpg 400w, http:\/\/simoneundjoachim.de\/de\/wp-content\/uploads\/2014\/05\/IMG_0411.jpg 1280w\" sizes=\"(max-width: 300px) 100vw, 300px\" \/><\/a><br \/>\n<a href=\"http:\/\/simoneundjoachim.de\/de\/wp-content\/uploads\/2014\/05\/Foto-2r.jpg\"><img decoding=\"async\" loading=\"lazy\" class=\"alignnone size-medium wp-image-561885\" alt=\"Foto 2r\" src=\"http:\/\/simoneundjoachim.de\/de\/wp-content\/uploads\/2014\/05\/Foto-2r-300x225.jpg\" width=\"300\" height=\"225\" srcset=\"http:\/\/simoneundjoachim.de\/de\/wp-content\/uploads\/2014\/05\/Foto-2r-300x225.jpg 300w, http:\/\/simoneundjoachim.de\/de\/wp-content\/uploads\/2014\/05\/Foto-2r-1024x768.jpg 1024w, http:\/\/simoneundjoachim.de\/de\/wp-content\/uploads\/2014\/05\/Foto-2r-400x300.jpg 400w, http:\/\/simoneundjoachim.de\/de\/wp-content\/uploads\/2014\/05\/Foto-2r.jpg 1280w\" sizes=\"(max-width: 300px) 100vw, 300px\" \/><\/a> <a href=\"http:\/\/simoneundjoachim.de\/de\/wp-content\/uploads\/2014\/05\/photo.jpg\"><img decoding=\"async\" loading=\"lazy\" class=\"alignnone size-medium wp-image-562036\" alt=\"photo\" src=\"http:\/\/simoneundjoachim.de\/de\/wp-content\/uploads\/2014\/05\/photo-300x225.jpg\" width=\"300\" height=\"225\" srcset=\"http:\/\/simoneundjoachim.de\/de\/wp-content\/uploads\/2014\/05\/photo-300x225.jpg 300w, http:\/\/simoneundjoachim.de\/de\/wp-content\/uploads\/2014\/05\/photo-1024x768.jpg 1024w, http:\/\/simoneundjoachim.de\/de\/wp-content\/uploads\/2014\/05\/photo-400x300.jpg 400w, http:\/\/simoneundjoachim.de\/de\/wp-content\/uploads\/2014\/05\/photo.jpg 1280w\" sizes=\"(max-width: 300px) 100vw, 300px\" \/><\/a><br \/>\nSeit Mitte Februar gehe ich jetzt in einen taiwanesischen Kindergarten. Es war schon eine gro\u00dfe Umstellung f\u00fcr mich (und nat\u00fcrlich auch f\u00fcr Mama und Papa). Aber in der Zwischenzeit gehe ich wirklich gerne und auch mein chinesisch hat sich schon ganz sch\u00f6n verbessert. Mit den Kindern auf dem Spielplatz versuche ich in Chinesisch zu reden und auch zu Hause rede ich mit Mama und Papa immer wieder auf Chinesisch oder sage ihnen, was ein Wort auf Chinesisch hei\u00dft. Manchmal mache ich sogar schon richtige kleine S\u00e4tze. Da sind Mama und Papa manchmal ganz sch\u00f6n erstaunt, was ich schon alles kann ;).<br \/>\nJeden morgen um 9 Uhr geht es los. Papa bringt mich in den Kindergarten, weil Mama da schon in der Sprachschule ist. Wie alle anderen Kinder habe ich einen \u201eKindergarten-Jogginganzug\u201c an. Die anderen Kinder begr\u00fc\u00dfen mich immer schon an der T\u00fcre und freuen sich mich zu sehen. Im Kindergarten machen wir dann ganz viele verschiedene Sachen. Wir spielen, singen, tanzen, gehen im Park gegen\u00fcber auf den Spielplatz, machen Sport, und manchmal machen wir sogar einen Ausflug. Letzten Samstag waren wir zum Beispiel zusammen mit unseren Mamas und Papas in einer Schokoladenfabrik.<br \/>\nIch esse noch im Kindergarten zu Mittag. Es gibt fast jeden Tag Suppe, Reis, Gem\u00fcse und Fleisch. Am Anfang wollte ich das nicht immer essen, da hab ich Mama zu Hause gesagt ich will viel lieber Nudeln und Tortellini. Aber jetzt macht es mir nichts mehr aus und es schmeckt mir gut. Die anderen Kinder machen dann alle einen Mittagsschlaf, aber ich werde um 12.30Uhr von Mama abgeholt. Es ist wirklich sch\u00f6n, dass ich so viele tolle Sachen mit den anderen Kindern machen kann.<\/p>\n","protected":false},"excerpt":{"rendered":"<p>Seit Mitte Februar gehe ich jetzt in einen taiwanesischen Kindergarten. Es war schon eine gro\u00dfe Umstellung f\u00fcr mich (und nat\u00fcrlich auch f\u00fcr Mama und Papa). Aber in der Zwischenzeit gehe ich wirklich gerne und auch mein chinesisch hat sich schon &hellip; <a class=\"more-link\" href=\"http:\/\/simoneundjoachim.de\/de\/2014\/05\/amy-im-kindergarten\/\">Weiterlesen <span class=\"meta-nav\">&rarr;<\/span><\/a><\/p>\n","protected":false},"author":2,"featured_media":0,"comment_status":"open","ping_status":"closed","sticky":false,"template":"","format":"standard","meta":{"_s2mail":"yes"},"categories":[2,4],"tags":[],"_links":{"self":[{"href":"http:\/\/simoneundjoachim.de\/de\/wp-json\/wp\/v2\/posts\/561883"}],"collection":[{"href":"http:\/\/simoneundjoachim.de\/de\/wp-json\/wp\/v2\/posts"}],"about":[{"href":"http:\/\/simoneundjoachim.de\/de\/wp-json\/wp\/v2\/types\/post"}],"author":[{"embeddable":true,"href":"http:\/\/simoneundjoachim.de\/de\/wp-json\/wp\/v2\/users\/2"}],"replies":[{"embeddable":true,"href":"http:\/\/simoneundjoachim.de\/de\/wp-json\/wp\/v2\/comments?post=561883"}],"version-history":[{"count":0,"href":"http:\/\/simoneundjoachim.de\/de\/wp-json\/wp\/v2\/posts\/561883\/revisions"}],"wp:attachment":[{"href":"http:\/\/simoneundjoachim.de\/de\/wp-json\/wp\/v2\/media?parent=561883"}],"wp:term":[{"taxonomy":"category","embeddable":true,"href":"http:\/\/simoneundjoachim.de\/de\/wp-json\/wp\/v2\/categories?post=561883"},{"taxonomy":"post_tag","embeddable":true,"href":"http:\/\/simoneundjoachim.de\/de\/wp-json\/wp\/v2\/tags?post=561883"}],"curies":[{"name":"wp","href":"https:\/\/api.w.org\/{rel}","templated":true}]}}