{"id":386,"date":"2012-10-30T10:39:31","date_gmt":"2012-10-30T14:39:31","guid":{"rendered":"http:\/\/www.simoneundjoachim.de\/blog\/?p=386"},"modified":"2012-10-30T10:39:31","modified_gmt":"2012-10-30T14:39:31","slug":"herbst-in-columbia","status":"publish","type":"post","link":"http:\/\/simoneundjoachim.de\/de\/2012\/10\/herbst-in-columbia\/","title":{"rendered":"Herbst in Columbia"},"content":{"rendered":"<p><a href=\"http:\/\/www.simoneundjoachim.de\/de\/wp-content\/uploads\/2012\/10\/IMG_9607.jpg\"><img decoding=\"async\" loading=\"lazy\" class=\"alignnone size-medium wp-image-387\" title=\"IMG_9607\" src=\"http:\/\/www.simoneundjoachim.de\/de\/wp-content\/uploads\/2012\/10\/IMG_9607-300x199.jpg\" alt=\"\" width=\"300\" height=\"199\" \/><\/a><a href=\"http:\/\/www.simoneundjoachim.de\/de\/wp-content\/uploads\/2012\/10\/IMG_9621.jpg\"><img decoding=\"async\" loading=\"lazy\" class=\"alignnone size-medium wp-image-388\" title=\"IMG_9621\" src=\"http:\/\/www.simoneundjoachim.de\/de\/wp-content\/uploads\/2012\/10\/IMG_9621-300x199.jpg\" alt=\"\" width=\"300\" height=\"199\" \/><\/a><\/p>\n<p><a href=\"http:\/\/www.simoneundjoachim.de\/de\/wp-content\/uploads\/2012\/10\/IMG_9746.jpg\"><img decoding=\"async\" loading=\"lazy\" class=\"size-medium wp-image-390 alignleft\" title=\"IMG_9746\" src=\"http:\/\/www.simoneundjoachim.de\/de\/wp-content\/uploads\/2012\/10\/IMG_9746-199x300.jpg\" alt=\"\" width=\"155\" height=\"234\" \/><\/a><\/p>\n<p>&nbsp;<\/p>\n<p>Auch hier ist es Herbst geworden&#8230; Das merkt man unter anderem an den vielen K\u00fcrbissen, die es an den verschiedensten Stellen zu sehen und kaufen gibt. Letzte Woche waren Amy und ich mit anderen Frauen und Kindern auf einer &#8220;Pumkin Patch&#8221;. Dort gab es K\u00fcrbisse in den verschiedensten Gr\u00f6\u00dfen. In manche h\u00e4tte Amy sogar ganz hinein gepasst. Und auch andere Aktionen, wie zum Beispiel lustige Fotow\u00e4nde, waren geboten. Wir hatten gro\u00dfen Spa\u00df und es war toll zu sehen, wie Amy zwischen den vielen K\u00fcrbissen auf Entdeckungstour ging&#8230;<\/p>\n<p>&nbsp;<\/p>\n<p>&nbsp;<\/p>\n<p><a href=\"http:\/\/www.simoneundjoachim.de\/de\/wp-content\/uploads\/2012\/10\/IMG_9724.jpg\"><img decoding=\"async\" loading=\"lazy\" class=\"alignnone size-medium wp-image-389\" title=\"IMG_9724\" src=\"http:\/\/www.simoneundjoachim.de\/de\/wp-content\/uploads\/2012\/10\/IMG_9724-300x199.jpg\" alt=\"\" width=\"300\" height=\"199\" \/><\/a><a href=\"http:\/\/www.simoneundjoachim.de\/de\/wp-content\/uploads\/2012\/10\/IMG_9766.jpg\"><img decoding=\"async\" loading=\"lazy\" class=\"alignnone size-medium wp-image-391\" title=\"IMG_9766\" src=\"http:\/\/www.simoneundjoachim.de\/de\/wp-content\/uploads\/2012\/10\/IMG_9766-300x199.jpg\" alt=\"\" width=\"300\" height=\"199\" \/><\/a><\/p>\n","protected":false},"excerpt":{"rendered":"<p>&nbsp; Auch hier ist es Herbst geworden&#8230; Das merkt man unter anderem an den vielen K\u00fcrbissen, die es an den verschiedensten Stellen zu sehen und kaufen gibt. Letzte Woche waren Amy und ich mit anderen Frauen und Kindern auf einer &hellip; <a class=\"more-link\" href=\"http:\/\/simoneundjoachim.de\/de\/2012\/10\/herbst-in-columbia\/\">Weiterlesen <span class=\"meta-nav\">&rarr;<\/span><\/a><\/p>\n","protected":false},"author":2,"featured_media":0,"comment_status":"open","ping_status":"closed","sticky":false,"template":"","format":"standard","meta":{"_s2mail":""},"categories":[2,3],"tags":[],"_links":{"self":[{"href":"http:\/\/simoneundjoachim.de\/de\/wp-json\/wp\/v2\/posts\/386"}],"collection":[{"href":"http:\/\/simoneundjoachim.de\/de\/wp-json\/wp\/v2\/posts"}],"about":[{"href":"http:\/\/simoneundjoachim.de\/de\/wp-json\/wp\/v2\/types\/post"}],"author":[{"embeddable":true,"href":"http:\/\/simoneundjoachim.de\/de\/wp-json\/wp\/v2\/users\/2"}],"replies":[{"embeddable":true,"href":"http:\/\/simoneundjoachim.de\/de\/wp-json\/wp\/v2\/comments?post=386"}],"version-history":[{"count":0,"href":"http:\/\/simoneundjoachim.de\/de\/wp-json\/wp\/v2\/posts\/386\/revisions"}],"wp:attachment":[{"href":"http:\/\/simoneundjoachim.de\/de\/wp-json\/wp\/v2\/media?parent=386"}],"wp:term":[{"taxonomy":"category","embeddable":true,"href":"http:\/\/simoneundjoachim.de\/de\/wp-json\/wp\/v2\/categories?post=386"},{"taxonomy":"post_tag","embeddable":true,"href":"http:\/\/simoneundjoachim.de\/de\/wp-json\/wp\/v2\/tags?post=386"}],"curies":[{"name":"wp","href":"https:\/\/api.w.org\/{rel}","templated":true}]}}