{"id":375,"date":"2012-10-18T17:28:26","date_gmt":"2012-10-18T21:28:26","guid":{"rendered":"http:\/\/www.simoneundjoachim.de\/blog\/?p=375"},"modified":"2012-10-18T17:28:26","modified_gmt":"2012-10-18T21:28:26","slug":"new-york-2","status":"publish","type":"post","link":"http:\/\/simoneundjoachim.de\/de\/2012\/10\/new-york-2\/","title":{"rendered":"New York"},"content":{"rendered":"<p><a href=\"http:\/\/www.simoneundjoachim.de\/de\/wp-content\/uploads\/2012\/10\/CIMG58321.jpg\"><img decoding=\"async\" loading=\"lazy\" class=\"alignnone size-medium wp-image-376\" title=\"CIMG5832\" src=\"http:\/\/www.simoneundjoachim.de\/de\/wp-content\/uploads\/2012\/10\/CIMG58321-300x225.jpg\" alt=\"\" width=\"300\" height=\"225\" \/><\/a><a href=\"http:\/\/www.simoneundjoachim.de\/de\/wp-content\/uploads\/2012\/10\/CIMG5940.jpg\"><img decoding=\"async\" loading=\"lazy\" class=\"alignnone size-medium wp-image-377\" title=\"CIMG5940\" src=\"http:\/\/www.simoneundjoachim.de\/de\/wp-content\/uploads\/2012\/10\/CIMG5940-300x225.jpg\" alt=\"\" width=\"300\" height=\"225\" \/><\/a><br \/>\nEs ist schon eine ganze Zeit her (Ende M\u00e4rz), dass wir in New York waren. Immer wieder wollten wir dar\u00fcber erz\u00e4hlen und Bilder zeigen, aber es ist die ganze Zeit zwischen all dem anderen untergegangen. Besser sp\u00e4t als nie;)&#8230;<br \/>\nEnde M\u00e4rz haben wir uns mit dem Auto auf den Weg nach New York gemacht. Unterwegs haben wir immer wieder angehalten und uns einiges angeschaut. Einen Zwischenstopp haben wir auch in einem amischen Dorf gemacht. Die Amisch sind vor ca. 300 Jahren aus Deutschland nach Amerika ausgewandert. Sie leben heute noch genau wie damals &#8211; fahren mit Pferdekutschen auf den Stra\u00dfen, pfl\u00fcgen mit Pferdegespannen ihre Felder, haben keinen Strom oder Telefon und sprechen noch einen alten deutschen Dialekt. Wir haben uns mit einer Frau auf deutsch unterhalten und konnten sie sogar verstehen ;).<br \/>\nIn New York angekommen haben wir Joachims Bruder Valentin vom Flughafen abgeholt und mit ihm zusammen dann New York unsicher gemacht. Wir haben in den paar Tagen viel gesehen: Times Square, das Empire State Building und die Aussicht auf New York von oben, den Central Park, die Freiheitsstatue, Ground Zero,&#8230; Die Stadt ist wirklich sehr beeindruckend.<br \/>\nValentin ist dann noch mit uns f\u00fcr ein paar Tage nach Columbia gefahren. Auf dem nach Hause Weg haben wir dann noch Zwischenstopps in Washington D.C. und Richmond (Virginia) gemacht. Wir hatten eine wirklich sch\u00f6ne Zeit mit Valentin und sind froh, dass er uns besuchen konnte.<\/p>\n<p>Mehr Bilder findet ihr im <a title=\"New York (Mar 2012)\" href=\"http:\/\/www.simoneundjoachim.de\/blog\/new-york-mar-2012\/\">Fotoalbum New York (Mar 2012)<\/a>.<\/p>\n","protected":false},"excerpt":{"rendered":"<p>Es ist schon eine ganze Zeit her (Ende M\u00e4rz), dass wir in New York waren. Immer wieder wollten wir dar\u00fcber erz\u00e4hlen und Bilder zeigen, aber es ist die ganze Zeit zwischen all dem anderen untergegangen. Besser sp\u00e4t als nie;)&#8230; Ende &hellip; <a class=\"more-link\" href=\"http:\/\/simoneundjoachim.de\/de\/2012\/10\/new-york-2\/\">Weiterlesen <span class=\"meta-nav\">&rarr;<\/span><\/a><\/p>\n","protected":false},"author":2,"featured_media":0,"comment_status":"open","ping_status":"closed","sticky":false,"template":"","format":"standard","meta":{"_s2mail":""},"categories":[4,7],"tags":[],"_links":{"self":[{"href":"http:\/\/simoneundjoachim.de\/de\/wp-json\/wp\/v2\/posts\/375"}],"collection":[{"href":"http:\/\/simoneundjoachim.de\/de\/wp-json\/wp\/v2\/posts"}],"about":[{"href":"http:\/\/simoneundjoachim.de\/de\/wp-json\/wp\/v2\/types\/post"}],"author":[{"embeddable":true,"href":"http:\/\/simoneundjoachim.de\/de\/wp-json\/wp\/v2\/users\/2"}],"replies":[{"embeddable":true,"href":"http:\/\/simoneundjoachim.de\/de\/wp-json\/wp\/v2\/comments?post=375"}],"version-history":[{"count":0,"href":"http:\/\/simoneundjoachim.de\/de\/wp-json\/wp\/v2\/posts\/375\/revisions"}],"wp:attachment":[{"href":"http:\/\/simoneundjoachim.de\/de\/wp-json\/wp\/v2\/media?parent=375"}],"wp:term":[{"taxonomy":"category","embeddable":true,"href":"http:\/\/simoneundjoachim.de\/de\/wp-json\/wp\/v2\/categories?post=375"},{"taxonomy":"post_tag","embeddable":true,"href":"http:\/\/simoneundjoachim.de\/de\/wp-json\/wp\/v2\/tags?post=375"}],"curies":[{"name":"wp","href":"https:\/\/api.w.org\/{rel}","templated":true}]}}