{"id":360,"date":"2012-10-04T15:53:13","date_gmt":"2012-10-04T19:53:13","guid":{"rendered":"http:\/\/www.simoneundjoachim.de\/blog\/?p=360"},"modified":"2012-10-04T15:53:13","modified_gmt":"2012-10-04T19:53:13","slug":"camping-wochenende","status":"publish","type":"post","link":"http:\/\/simoneundjoachim.de\/de\/2012\/10\/camping-wochenende\/","title":{"rendered":"Camping Wochenende"},"content":{"rendered":"<p><a href=\"http:\/\/www.simoneundjoachim.de\/de\/wp-content\/uploads\/2012\/10\/CIMG6893.jpg\"><img decoding=\"async\" loading=\"lazy\" class=\"alignnone size-medium wp-image-361\" title=\"CIMG6893\" src=\"http:\/\/www.simoneundjoachim.de\/de\/wp-content\/uploads\/2012\/10\/CIMG6893-300x225.jpg\" alt=\"\" width=\"300\" height=\"225\" \/><\/a><a href=\"http:\/\/www.simoneundjoachim.de\/de\/wp-content\/uploads\/2012\/10\/CIMG6906.jpg\"><img decoding=\"async\" loading=\"lazy\" class=\"alignnone size-medium wp-image-362\" title=\"CIMG6906\" src=\"http:\/\/www.simoneundjoachim.de\/de\/wp-content\/uploads\/2012\/10\/CIMG6906-300x225.jpg\" alt=\"\" width=\"300\" height=\"225\" \/><\/a><br \/>\nVon Freitag bis Sonntag waren wir mit einigen Familien aus unserer Kirche zelten. Der Campingplatz war drei Minuten Fu\u00dfweg vom Meer entfernt. Am Freitagabend kamen wir an, als es schon dunkel war und wurden gleich einmal von einem Waschb\u00e4ren begr\u00fc\u00dft. Da es schon sehr sp\u00e4t war, haben wir es uns ziemlich bald in unserem Zelt gem\u00fctlich gemacht. Amy hat sich alles ganz genau angeschaut und fand unser Zelt sehr interessant :). Am n\u00e4chsten Morgen konnten wir es gem\u00fctlich angehen lassen und sind dann mit vielen anderen zusammen zum Strand gegangen. Amy liebt den Sand und das Meer. Sie war von Kopf bis Fu\u00df mit Sand voll (nat\u00fcrlich auch in der Windel \ud83d\ude09 ) und wenn man nicht aufgepasst hat, hat sie sich alleine auf den Weg zum Wasser gemacht&#8230; Abends gab es dann noch Geschichten am Lagerfeuer. Am Sonntag war zum Abschluss ein gemeinsamer Gottesdienst am Strand, wo man direkt in der Natur \u00fcber Gottes Sch\u00f6pfung und Gr\u00f6\u00dfe staunen konnte.<br \/>\nDas Wochenende war eine tolle Gelegenheit, die Leute aus unserer Kirche besser kennen zu lernen.<\/p>\n","protected":false},"excerpt":{"rendered":"<p>Von Freitag bis Sonntag waren wir mit einigen Familien aus unserer Kirche zelten. Der Campingplatz war drei Minuten Fu\u00dfweg vom Meer entfernt. Am Freitagabend kamen wir an, als es schon dunkel war und wurden gleich einmal von einem Waschb\u00e4ren begr\u00fc\u00dft. &hellip; <a class=\"more-link\" href=\"http:\/\/simoneundjoachim.de\/de\/2012\/10\/camping-wochenende\/\">Weiterlesen <span class=\"meta-nav\">&rarr;<\/span><\/a><\/p>\n","protected":false},"author":2,"featured_media":0,"comment_status":"open","ping_status":"closed","sticky":false,"template":"","format":"standard","meta":{"_s2mail":""},"categories":[4,7],"tags":[],"_links":{"self":[{"href":"http:\/\/simoneundjoachim.de\/de\/wp-json\/wp\/v2\/posts\/360"}],"collection":[{"href":"http:\/\/simoneundjoachim.de\/de\/wp-json\/wp\/v2\/posts"}],"about":[{"href":"http:\/\/simoneundjoachim.de\/de\/wp-json\/wp\/v2\/types\/post"}],"author":[{"embeddable":true,"href":"http:\/\/simoneundjoachim.de\/de\/wp-json\/wp\/v2\/users\/2"}],"replies":[{"embeddable":true,"href":"http:\/\/simoneundjoachim.de\/de\/wp-json\/wp\/v2\/comments?post=360"}],"version-history":[{"count":0,"href":"http:\/\/simoneundjoachim.de\/de\/wp-json\/wp\/v2\/posts\/360\/revisions"}],"wp:attachment":[{"href":"http:\/\/simoneundjoachim.de\/de\/wp-json\/wp\/v2\/media?parent=360"}],"wp:term":[{"taxonomy":"category","embeddable":true,"href":"http:\/\/simoneundjoachim.de\/de\/wp-json\/wp\/v2\/categories?post=360"},{"taxonomy":"post_tag","embeddable":true,"href":"http:\/\/simoneundjoachim.de\/de\/wp-json\/wp\/v2\/tags?post=360"}],"curies":[{"name":"wp","href":"https:\/\/api.w.org\/{rel}","templated":true}]}}