{"id":354,"date":"2012-09-28T13:14:43","date_gmt":"2012-09-28T17:14:43","guid":{"rendered":"http:\/\/www.simoneundjoachim.de\/blog\/?p=354"},"modified":"2012-09-28T13:14:43","modified_gmt":"2012-09-28T17:14:43","slug":"fall-retreat","status":"publish","type":"post","link":"http:\/\/simoneundjoachim.de\/de\/2012\/09\/fall-retreat\/","title":{"rendered":"Fall Retreat"},"content":{"rendered":"<p><a href=\"http:\/\/www.simoneundjoachim.de\/de\/wp-content\/uploads\/2012\/09\/IMG_0134a.jpg\"><img decoding=\"async\" loading=\"lazy\" class=\"alignnone size-medium wp-image-356\" title=\"IMG_0134a\" src=\"http:\/\/www.simoneundjoachim.de\/de\/wp-content\/uploads\/2012\/09\/IMG_0134a-300x226.jpg\" alt=\"\" width=\"300\" height=\"226\" \/><\/a><a href=\"http:\/\/www.simoneundjoachim.de\/de\/wp-content\/uploads\/2012\/09\/IMG_0159.jpg\"><img decoding=\"async\" loading=\"lazy\" class=\"alignnone size-medium wp-image-357\" title=\"IMG_0159\" src=\"http:\/\/www.simoneundjoachim.de\/de\/wp-content\/uploads\/2012\/09\/IMG_0159-300x225.jpg\" alt=\"\" width=\"300\" height=\"225\" \/><\/a><br \/>\nLetztes Wochenende war von der Uni aus eine Kurzfreitzeit (genannt Fall Retreat) auf einem wundersch\u00f6nen Gel\u00e4nde mit See etwas abseits von Columbia. Los ging&#8217;s\u00a0am Freitag um 13 Uhr\u00a0mit einem Stationenlauf. Dort es gab verschiedenste Dinge zu tun: vom Gewehr- \u00fcbers Bogenschie\u00dfen bis hin zu einem lustigen Gruppenbild (wir haben als Gruppe die Weihnachtsgeschichte nachgestellt und Amy war dabei das Jesuskind). Ansonsten gab es drei Einheiten (Predigten), bei denen es um unsere Herzenseinstellung zu Gott und den Menschen um uns herum ging. Nach jeder Einheit hatten wir die M\u00f6glichkeit in kleinen Gruppen dar\u00fcber ins Gespr\u00e4ch zu kommen. Das tat sehr gut und ist immer wieder herausfordernd es nicht nur zu h\u00f6ren, sondern auch im Alltag umzusetzen. Zwischen den einzelnen Programmpunkten konnte man schwimmen gehen, mit dem Kanu auf den See fahren oder die tolle Gemeinschaft mit anderen Studenten und Professoren genie\u00dfen.<\/p>\n","protected":false},"excerpt":{"rendered":"<p>Letztes Wochenende war von der Uni aus eine Kurzfreitzeit (genannt Fall Retreat) auf einem wundersch\u00f6nen Gel\u00e4nde mit See etwas abseits von Columbia. Los ging&#8217;s\u00a0am Freitag um 13 Uhr\u00a0mit einem Stationenlauf. Dort es gab verschiedenste Dinge zu tun: vom Gewehr- \u00fcbers &hellip; <a class=\"more-link\" href=\"http:\/\/simoneundjoachim.de\/de\/2012\/09\/fall-retreat\/\">Weiterlesen <span class=\"meta-nav\">&rarr;<\/span><\/a><\/p>\n","protected":false},"author":2,"featured_media":0,"comment_status":"open","ping_status":"closed","sticky":false,"template":"","format":"standard","meta":{"_s2mail":""},"categories":[4,6,7],"tags":[],"_links":{"self":[{"href":"http:\/\/simoneundjoachim.de\/de\/wp-json\/wp\/v2\/posts\/354"}],"collection":[{"href":"http:\/\/simoneundjoachim.de\/de\/wp-json\/wp\/v2\/posts"}],"about":[{"href":"http:\/\/simoneundjoachim.de\/de\/wp-json\/wp\/v2\/types\/post"}],"author":[{"embeddable":true,"href":"http:\/\/simoneundjoachim.de\/de\/wp-json\/wp\/v2\/users\/2"}],"replies":[{"embeddable":true,"href":"http:\/\/simoneundjoachim.de\/de\/wp-json\/wp\/v2\/comments?post=354"}],"version-history":[{"count":0,"href":"http:\/\/simoneundjoachim.de\/de\/wp-json\/wp\/v2\/posts\/354\/revisions"}],"wp:attachment":[{"href":"http:\/\/simoneundjoachim.de\/de\/wp-json\/wp\/v2\/media?parent=354"}],"wp:term":[{"taxonomy":"category","embeddable":true,"href":"http:\/\/simoneundjoachim.de\/de\/wp-json\/wp\/v2\/categories?post=354"},{"taxonomy":"post_tag","embeddable":true,"href":"http:\/\/simoneundjoachim.de\/de\/wp-json\/wp\/v2\/tags?post=354"}],"curies":[{"name":"wp","href":"https:\/\/api.w.org\/{rel}","templated":true}]}}