{"id":314,"date":"2012-08-08T17:39:35","date_gmt":"2012-08-08T21:39:35","guid":{"rendered":"http:\/\/www.simoneundjoachim.de\/blog\/?p=314"},"modified":"2012-08-08T17:39:35","modified_gmt":"2012-08-08T21:39:35","slug":"deutschland","status":"publish","type":"post","link":"http:\/\/simoneundjoachim.de\/de\/2012\/08\/deutschland\/","title":{"rendered":"Deutschland"},"content":{"rendered":"<p><a href=\"http:\/\/www.simoneundjoachim.de\/de\/wp-content\/uploads\/2012\/08\/CIMG6577.jpg\"><img decoding=\"async\" loading=\"lazy\" class=\"alignnone size-medium wp-image-315\" title=\"CIMG6577\" src=\"http:\/\/www.simoneundjoachim.de\/de\/wp-content\/uploads\/2012\/08\/CIMG6577-300x221.jpg\" alt=\"\" width=\"300\" height=\"221\" \/><\/a><a href=\"http:\/\/www.simoneundjoachim.de\/de\/wp-content\/uploads\/2012\/08\/CIMG6429.jpg\"><img decoding=\"async\" loading=\"lazy\" class=\"alignnone size-medium wp-image-316\" title=\"CIMG6429\" src=\"http:\/\/www.simoneundjoachim.de\/de\/wp-content\/uploads\/2012\/08\/CIMG6429-300x225.jpg\" alt=\"\" width=\"300\" height=\"225\" \/><\/a><\/p>\n<p>Etwas mehr als einen Monat haben wir in Deutschland verbracht. Wir haben in dieser Zeit jeweils ungef\u00e4hr zwei Wochen bei unseren Eltern in Oberiflingen und Freudenstadt gewohnt und noch eine Woche bei der Familie von Simones Patenkind in Neuenb\u00fcrg. Es war sch\u00f6n, dass nun endlich alle aus unserer Familie Amy kennen lernen konnten.<br \/>\nWir konnten viel Zeit mit unseren Familien verbringen, was sehr wertvoll f\u00fcr uns war. Auch Amy hat die Zeit mit ihren Omas, Opas, Onkeln und Tanten sehr genossen. Auch viele wundersch\u00f6ne Begegnungen mit sehr lieben Freunden konnten wir haben. Es war sehr sch\u00f6n zu sehen, dass wir trotz unserer Zeit hier in Amerika nicht vergessen sind.<br \/>\nAuch bei drei gro\u00dfen Festen konnten wir in diesem Monat dabei sein. Gleich zu Beginn hat Joachims Vater seinen 60. Geburtstag gefeiert. Im Juli hat dann noch einer von Joachims besten Freunden geheiratet und eine Woche sp\u00e4ter Joachims Cousine. Alle drei Feste waren wirklich wundersch\u00f6n!<br \/>\nInsgesamt k\u00f6nnen wir sagen, dass es eine sehr sch\u00f6ne und gef\u00fcllte Zeit war, die wir in Deutschland verbringen durften. Vielen Dank an alle f\u00fcr die sch\u00f6ne Zeit und die Gastfreundschaft!<\/p>\n<p>Wer Bilder von unseren Erlebnissen und Begegnungen sehen m\u00f6chte, findet sie unter <a title=\"Deutschland (Juli 2012)\" href=\"http:\/\/www.simoneundjoachim.de\/blog\/deutschland-juli-2012\/\">Fotoalbum Deutschland (Jul 2012)<\/a>.<\/p>\n","protected":false},"excerpt":{"rendered":"<p>Etwas mehr als einen Monat haben wir in Deutschland verbracht. Wir haben in dieser Zeit jeweils ungef\u00e4hr zwei Wochen bei unseren Eltern in Oberiflingen und Freudenstadt gewohnt und noch eine Woche bei der Familie von Simones Patenkind in Neuenb\u00fcrg. Es &hellip; <a class=\"more-link\" href=\"http:\/\/simoneundjoachim.de\/de\/2012\/08\/deutschland\/\">Weiterlesen <span class=\"meta-nav\">&rarr;<\/span><\/a><\/p>\n","protected":false},"author":2,"featured_media":0,"comment_status":"open","ping_status":"closed","sticky":false,"template":"","format":"standard","meta":{"_s2mail":""},"categories":[3,4,1,7],"tags":[],"_links":{"self":[{"href":"http:\/\/simoneundjoachim.de\/de\/wp-json\/wp\/v2\/posts\/314"}],"collection":[{"href":"http:\/\/simoneundjoachim.de\/de\/wp-json\/wp\/v2\/posts"}],"about":[{"href":"http:\/\/simoneundjoachim.de\/de\/wp-json\/wp\/v2\/types\/post"}],"author":[{"embeddable":true,"href":"http:\/\/simoneundjoachim.de\/de\/wp-json\/wp\/v2\/users\/2"}],"replies":[{"embeddable":true,"href":"http:\/\/simoneundjoachim.de\/de\/wp-json\/wp\/v2\/comments?post=314"}],"version-history":[{"count":0,"href":"http:\/\/simoneundjoachim.de\/de\/wp-json\/wp\/v2\/posts\/314\/revisions"}],"wp:attachment":[{"href":"http:\/\/simoneundjoachim.de\/de\/wp-json\/wp\/v2\/media?parent=314"}],"wp:term":[{"taxonomy":"category","embeddable":true,"href":"http:\/\/simoneundjoachim.de\/de\/wp-json\/wp\/v2\/categories?post=314"},{"taxonomy":"post_tag","embeddable":true,"href":"http:\/\/simoneundjoachim.de\/de\/wp-json\/wp\/v2\/tags?post=314"}],"curies":[{"name":"wp","href":"https:\/\/api.w.org\/{rel}","templated":true}]}}