{"id":267432,"date":"2013-10-29T01:41:41","date_gmt":"2013-10-29T00:41:41","guid":{"rendered":"http:\/\/simoneundjoachim.de\/de\/?p=267432"},"modified":"2013-10-29T01:41:41","modified_gmt":"2013-10-29T00:41:41","slug":"aussendung-in-neuenburg","status":"publish","type":"post","link":"http:\/\/simoneundjoachim.de\/de\/2013\/10\/aussendung-in-neuenburg\/","title":{"rendered":"Aussendung in Neuenb\u00fcrg"},"content":{"rendered":"<p><a href=\"http:\/\/simoneundjoachim.de\/de\/wp-content\/uploads\/2013\/10\/Foto.jpg\"><img decoding=\"async\" loading=\"lazy\" class=\"alignnone size-medium wp-image-267435\" alt=\"Foto\" src=\"http:\/\/simoneundjoachim.de\/de\/wp-content\/uploads\/2013\/10\/Foto-300x225.jpg\" width=\"300\" height=\"225\" srcset=\"http:\/\/simoneundjoachim.de\/de\/wp-content\/uploads\/2013\/10\/Foto-300x225.jpg 300w, http:\/\/simoneundjoachim.de\/de\/wp-content\/uploads\/2013\/10\/Foto-1024x768.jpg 1024w, http:\/\/simoneundjoachim.de\/de\/wp-content\/uploads\/2013\/10\/Foto-400x300.jpg 400w, http:\/\/simoneundjoachim.de\/de\/wp-content\/uploads\/2013\/10\/Foto.jpg 1280w\" sizes=\"(max-width: 300px) 100vw, 300px\" \/><\/a> <a href=\"http:\/\/simoneundjoachim.de\/de\/wp-content\/uploads\/2013\/10\/IMG_9674.jpg\"><img decoding=\"async\" loading=\"lazy\" class=\"alignnone size-medium wp-image-267433\" alt=\"IMG_9674\" src=\"http:\/\/simoneundjoachim.de\/de\/wp-content\/uploads\/2013\/10\/IMG_9674-300x225.jpg\" width=\"300\" height=\"225\" srcset=\"http:\/\/simoneundjoachim.de\/de\/wp-content\/uploads\/2013\/10\/IMG_9674-300x225.jpg 300w, http:\/\/simoneundjoachim.de\/de\/wp-content\/uploads\/2013\/10\/IMG_9674-1024x768.jpg 1024w, http:\/\/simoneundjoachim.de\/de\/wp-content\/uploads\/2013\/10\/IMG_9674-400x300.jpg 400w, http:\/\/simoneundjoachim.de\/de\/wp-content\/uploads\/2013\/10\/IMG_9674.jpg 1280w\" sizes=\"(max-width: 300px) 100vw, 300px\" \/><\/a><br \/>\nJetzt ist es schon einen Monat her, seit unsere Aussendung stattgefunden hat. Wir waren die letzten Wochen aber so mit Wohnung r\u00e4umen, packen,&#8230; besch\u00e4ftigt, dass wir gar nicht dazu gekommen sind etwas zu schreiben. Jetzt kommt es eben etwas versp\u00e4tet ;).<\/p>\n<p>Wir hatten einen wundersch\u00f6nen, sehr ber\u00fchrenden und ermutigenden Aussendungsgottesdienst. Es waren viele Freunde und Verwandte da und es hat uns wirklich ermutigt zu sehen, wie viele Menschen mit uns gemeinsam auf dem Weg sind. Direktor Rainer Becker von der Marburger Mission hat eine Ansprach \u00fcber den Missionsbefehl gehalten und uns damit ermutigt, dass wir nie vergessen sollen, dass Gott alle Macht hat und dass er immer bei uns ist. Diese zwei Zusagen hat er mit den beiden Aufh\u00e4ngungen einer H\u00e4ngematte verglichen, in der wir liegen d\u00fcrfen. Dann wurden wir von Dekan Botzenhardt\u00a0 und Rainer Becker ausgesandt. Viele Leute sind auch noch dageblieben zum anschlie\u00dfenden Mittagessen und zu ein paar sch\u00f6nen Programmbeitr\u00e4gen. Es war toll mit mit vielen auch noch ins Gespr\u00e4ch zu kommen.<\/p>\n<p>Vielen, vielen, vielen Dank an alle, die diesen Tag organisiert haben und die durch Beitr\u00e4ge und Mithelfen dazu beigetragen haben, dass dieser Tag zu etwas ganz besonderem f\u00fcr uns geworden ist. Und vielen Dank auch allen, die da waren und uns so ermutigt haben.<\/p>\n","protected":false},"excerpt":{"rendered":"<p>Jetzt ist es schon einen Monat her, seit unsere Aussendung stattgefunden hat. Wir waren die letzten Wochen aber so mit Wohnung r\u00e4umen, packen,&#8230; besch\u00e4ftigt, dass wir gar nicht dazu gekommen sind etwas zu schreiben. Jetzt kommt es eben etwas versp\u00e4tet &hellip; <a class=\"more-link\" href=\"http:\/\/simoneundjoachim.de\/de\/2013\/10\/aussendung-in-neuenburg\/\">Weiterlesen <span class=\"meta-nav\">&rarr;<\/span><\/a><\/p>\n","protected":false},"author":1,"featured_media":0,"comment_status":"open","ping_status":"closed","sticky":false,"template":"","format":"standard","meta":{"_s2mail":"yes"},"categories":[4,5],"tags":[],"_links":{"self":[{"href":"http:\/\/simoneundjoachim.de\/de\/wp-json\/wp\/v2\/posts\/267432"}],"collection":[{"href":"http:\/\/simoneundjoachim.de\/de\/wp-json\/wp\/v2\/posts"}],"about":[{"href":"http:\/\/simoneundjoachim.de\/de\/wp-json\/wp\/v2\/types\/post"}],"author":[{"embeddable":true,"href":"http:\/\/simoneundjoachim.de\/de\/wp-json\/wp\/v2\/users\/1"}],"replies":[{"embeddable":true,"href":"http:\/\/simoneundjoachim.de\/de\/wp-json\/wp\/v2\/comments?post=267432"}],"version-history":[{"count":0,"href":"http:\/\/simoneundjoachim.de\/de\/wp-json\/wp\/v2\/posts\/267432\/revisions"}],"wp:attachment":[{"href":"http:\/\/simoneundjoachim.de\/de\/wp-json\/wp\/v2\/media?parent=267432"}],"wp:term":[{"taxonomy":"category","embeddable":true,"href":"http:\/\/simoneundjoachim.de\/de\/wp-json\/wp\/v2\/categories?post=267432"},{"taxonomy":"post_tag","embeddable":true,"href":"http:\/\/simoneundjoachim.de\/de\/wp-json\/wp\/v2\/tags?post=267432"}],"curies":[{"name":"wp","href":"https:\/\/api.w.org\/{rel}","templated":true}]}}