{"id":2601556,"date":"2017-01-26T04:38:09","date_gmt":"2017-01-26T03:38:09","guid":{"rendered":"http:\/\/simoneundjoachim.de\/de\/?p=2601556"},"modified":"2017-01-26T04:38:09","modified_gmt":"2017-01-26T03:38:09","slug":"kleingruppe-fur-studentenfrauen","status":"publish","type":"post","link":"http:\/\/simoneundjoachim.de\/de\/2017\/01\/kleingruppe-fur-studentenfrauen\/","title":{"rendered":"Kleingruppe f\u00fcr Studentenfrauen"},"content":{"rendered":"<p><a href=\"http:\/\/simoneundjoachim.de\/de\/wp-content\/uploads\/2017\/01\/DSC01218.jpg\"><img decoding=\"async\" loading=\"lazy\" class=\"alignnone size-medium wp-image-2601557\" alt=\"DSC01218\" src=\"http:\/\/simoneundjoachim.de\/de\/wp-content\/uploads\/2017\/01\/DSC01218-300x225.jpg\" width=\"300\" height=\"225\" srcset=\"http:\/\/simoneundjoachim.de\/de\/wp-content\/uploads\/2017\/01\/DSC01218-300x225.jpg 300w, http:\/\/simoneundjoachim.de\/de\/wp-content\/uploads\/2017\/01\/DSC01218-1024x770.jpg 1024w, http:\/\/simoneundjoachim.de\/de\/wp-content\/uploads\/2017\/01\/DSC01218-398x300.jpg 398w, http:\/\/simoneundjoachim.de\/de\/wp-content\/uploads\/2017\/01\/DSC01218.jpg 1118w\" sizes=\"(max-width: 300px) 100vw, 300px\" \/><\/a> <a href=\"http:\/\/simoneundjoachim.de\/de\/wp-content\/uploads\/2017\/01\/IMG_7539.jpg\"><img decoding=\"async\" loading=\"lazy\" class=\"alignnone size-medium wp-image-2601558\" alt=\"IMG_7539\" src=\"http:\/\/simoneundjoachim.de\/de\/wp-content\/uploads\/2017\/01\/IMG_7539-300x225.jpg\" width=\"300\" height=\"225\" srcset=\"http:\/\/simoneundjoachim.de\/de\/wp-content\/uploads\/2017\/01\/IMG_7539-300x225.jpg 300w, http:\/\/simoneundjoachim.de\/de\/wp-content\/uploads\/2017\/01\/IMG_7539-1024x768.jpg 1024w, http:\/\/simoneundjoachim.de\/de\/wp-content\/uploads\/2017\/01\/IMG_7539-400x300.jpg 400w, http:\/\/simoneundjoachim.de\/de\/wp-content\/uploads\/2017\/01\/IMG_7539.jpg 1280w\" sizes=\"(max-width: 300px) 100vw, 300px\" \/><\/a><br \/>\nSeit letztem Semester leitet Simone mit der Frau des Direktors vom Lutherischen Seminar zusammen einen Kreis f\u00fcr die Ehefrauen der Studenten hier am Seminar. Bisher gab es f\u00fcr die Ehefrauen der Studenten, die gemeinsam mit ihren M\u00e4nnern hier am Lutherischen Seminar wohnen, kein Angebot. Sie treffen sich nun zweimal im Monat um zusammen in der Bibel zu lesen, \u00fcber verschiedene Themen zu reden, f\u00fcreinander zu beten, gemeinsam zu basteln,\u2026 Da etwa die H\u00e4lfte der Frauen bereits kleine Kindern haben, tut es ihnen gut etwas Zeit zu haben, um gemeinsam mit anderen Frauen in \u00e4hnlicher Situation f\u00fcr ihren Alltag aufzutanken.<\/p>\n","protected":false},"excerpt":{"rendered":"<p>Seit letztem Semester leitet Simone mit der Frau des Direktors vom Lutherischen Seminar zusammen einen Kreis f\u00fcr die Ehefrauen der Studenten hier am Seminar. Bisher gab es f\u00fcr die Ehefrauen der Studenten, die gemeinsam mit ihren M\u00e4nnern hier am Lutherischen &hellip; <a class=\"more-link\" href=\"http:\/\/simoneundjoachim.de\/de\/2017\/01\/kleingruppe-fur-studentenfrauen\/\">Weiterlesen <span class=\"meta-nav\">&rarr;<\/span><\/a><\/p>\n","protected":false},"author":2,"featured_media":0,"comment_status":"open","ping_status":"closed","sticky":false,"template":"","format":"standard","meta":{"_s2mail":"yes"},"categories":[11],"tags":[],"_links":{"self":[{"href":"http:\/\/simoneundjoachim.de\/de\/wp-json\/wp\/v2\/posts\/2601556"}],"collection":[{"href":"http:\/\/simoneundjoachim.de\/de\/wp-json\/wp\/v2\/posts"}],"about":[{"href":"http:\/\/simoneundjoachim.de\/de\/wp-json\/wp\/v2\/types\/post"}],"author":[{"embeddable":true,"href":"http:\/\/simoneundjoachim.de\/de\/wp-json\/wp\/v2\/users\/2"}],"replies":[{"embeddable":true,"href":"http:\/\/simoneundjoachim.de\/de\/wp-json\/wp\/v2\/comments?post=2601556"}],"version-history":[{"count":0,"href":"http:\/\/simoneundjoachim.de\/de\/wp-json\/wp\/v2\/posts\/2601556\/revisions"}],"wp:attachment":[{"href":"http:\/\/simoneundjoachim.de\/de\/wp-json\/wp\/v2\/media?parent=2601556"}],"wp:term":[{"taxonomy":"category","embeddable":true,"href":"http:\/\/simoneundjoachim.de\/de\/wp-json\/wp\/v2\/categories?post=2601556"},{"taxonomy":"post_tag","embeddable":true,"href":"http:\/\/simoneundjoachim.de\/de\/wp-json\/wp\/v2\/tags?post=2601556"}],"curies":[{"name":"wp","href":"https:\/\/api.w.org\/{rel}","templated":true}]}}