{"id":254,"date":"2012-04-02T23:11:13","date_gmt":"2012-04-03T03:11:13","guid":{"rendered":"http:\/\/www.simoneundjoachim.de\/blog\/?p=254"},"modified":"2012-04-02T23:11:13","modified_gmt":"2012-04-03T03:11:13","slug":"amy","status":"publish","type":"post","link":"http:\/\/simoneundjoachim.de\/de\/2012\/04\/amy\/","title":{"rendered":"Amy"},"content":{"rendered":"<p><a href=\"http:\/\/www.simoneundjoachim.de\/de\/wp-content\/uploads\/2012\/04\/DSC_0019.jpg\"><img decoding=\"async\" loading=\"lazy\" class=\"alignnone size-medium wp-image-256\" title=\"DSC_0019\" src=\"http:\/\/www.simoneundjoachim.de\/de\/wp-content\/uploads\/2012\/04\/DSC_0019-300x200.jpg\" alt=\"\" width=\"300\" height=\"200\" \/><\/a><a href=\"http:\/\/www.simoneundjoachim.de\/de\/wp-content\/uploads\/2012\/04\/IMG_8234.jpg\"><img decoding=\"async\" loading=\"lazy\" class=\"alignnone size-medium wp-image-257\" title=\"IMG_8234\" src=\"http:\/\/www.simoneundjoachim.de\/de\/wp-content\/uploads\/2012\/04\/IMG_8234-300x199.jpg\" alt=\"\" width=\"300\" height=\"199\" \/><\/a><\/p>\n<p>Amy ist jetzt schon fast f\u00fcnf Monate alt und ein richtig &#8220;gro\u00dfes&#8221; M\u00e4dchen. Sie lacht, &#8220;redet&#8221;, dreht sich, greift nach Dingen und steckt sich alles in den Mund (sogar ihre eigenen F\u00fc\u00dfe),&#8230; Es ist schon beeindruckend zu sehen wie viel ein kleines Kind in den ersten Monaten lernt. Daran kann man sich wirklich ein Beispiel nehmen. Gerade ist es bei uns schon sommerlich warm und so genie\u00dfen wir es oft gemeinsam spazieren zu gehen. Was gerade sehr anstrengend ist ist, dass sie nachts ziemlich h\u00e4ufig aufwacht, um etwas zu trinken. Sie ist meistens aber ein sehr zufriedenes Kind (vor allem wenn sie unter &#8220;fremden&#8221; Leuten ist) und es ist auch toll, dass sie sehr unkompliziert ist. Vor allem auf den vielen Reisen, die sie breits gemacht hat, war das toll. Wir sind Gott sehr dankbar, dass er sie uns gegeben hat und freuen uns jeden Tag an unserem kleinen Wunder.<\/p>\n<p>Mehr Fotos von Amy findet ihr im <a title=\"Amy Winter\/Fr\u00fchling 2012\" href=\"http:\/\/www.simoneundjoachim.de\/blog\/amy-winterfruhling-2012\/\">Fotoalbum Amy Winter\/Fr\u00fchling 2012<\/a>.<\/p>\n","protected":false},"excerpt":{"rendered":"<p>Amy ist jetzt schon fast f\u00fcnf Monate alt und ein richtig &#8220;gro\u00dfes&#8221; M\u00e4dchen. Sie lacht, &#8220;redet&#8221;, dreht sich, greift nach Dingen und steckt sich alles in den Mund (sogar ihre eigenen F\u00fc\u00dfe),&#8230; Es ist schon beeindruckend zu sehen wie viel &hellip; <a class=\"more-link\" href=\"http:\/\/simoneundjoachim.de\/de\/2012\/04\/amy\/\">Weiterlesen <span class=\"meta-nav\">&rarr;<\/span><\/a><\/p>\n","protected":false},"author":2,"featured_media":0,"comment_status":"open","ping_status":"closed","sticky":false,"template":"","format":"standard","meta":{"_s2mail":""},"categories":[1],"tags":[],"_links":{"self":[{"href":"http:\/\/simoneundjoachim.de\/de\/wp-json\/wp\/v2\/posts\/254"}],"collection":[{"href":"http:\/\/simoneundjoachim.de\/de\/wp-json\/wp\/v2\/posts"}],"about":[{"href":"http:\/\/simoneundjoachim.de\/de\/wp-json\/wp\/v2\/types\/post"}],"author":[{"embeddable":true,"href":"http:\/\/simoneundjoachim.de\/de\/wp-json\/wp\/v2\/users\/2"}],"replies":[{"embeddable":true,"href":"http:\/\/simoneundjoachim.de\/de\/wp-json\/wp\/v2\/comments?post=254"}],"version-history":[{"count":0,"href":"http:\/\/simoneundjoachim.de\/de\/wp-json\/wp\/v2\/posts\/254\/revisions"}],"wp:attachment":[{"href":"http:\/\/simoneundjoachim.de\/de\/wp-json\/wp\/v2\/media?parent=254"}],"wp:term":[{"taxonomy":"category","embeddable":true,"href":"http:\/\/simoneundjoachim.de\/de\/wp-json\/wp\/v2\/categories?post=254"},{"taxonomy":"post_tag","embeddable":true,"href":"http:\/\/simoneundjoachim.de\/de\/wp-json\/wp\/v2\/tags?post=254"}],"curies":[{"name":"wp","href":"https:\/\/api.w.org\/{rel}","templated":true}]}}