{"id":2481892,"date":"2016-11-09T18:33:19","date_gmt":"2016-11-09T17:33:19","guid":{"rendered":"http:\/\/simoneundjoachim.de\/de\/?p=2481892"},"modified":"2016-11-09T18:33:19","modified_gmt":"2016-11-09T17:33:19","slug":"halbzeit-im-2-semester","status":"publish","type":"post","link":"http:\/\/simoneundjoachim.de\/de\/2016\/11\/halbzeit-im-2-semester\/","title":{"rendered":"Halbzeit im 2. Semester"},"content":{"rendered":"<p><a href=\"http:\/\/simoneundjoachim.de\/de\/wp-content\/uploads\/2016\/11\/AusflugstagSeminar.jpg\"><img decoding=\"async\" loading=\"lazy\" class=\"alignnone size-medium wp-image-2481891\" alt=\"AusflugstagSeminar\" src=\"http:\/\/simoneundjoachim.de\/de\/wp-content\/uploads\/2016\/11\/AusflugstagSeminar-300x225.jpg\" width=\"300\" height=\"225\" srcset=\"http:\/\/simoneundjoachim.de\/de\/wp-content\/uploads\/2016\/11\/AusflugstagSeminar-300x225.jpg 300w, http:\/\/simoneundjoachim.de\/de\/wp-content\/uploads\/2016\/11\/AusflugstagSeminar-1024x768.jpg 1024w, http:\/\/simoneundjoachim.de\/de\/wp-content\/uploads\/2016\/11\/AusflugstagSeminar-400x300.jpg 400w, http:\/\/simoneundjoachim.de\/de\/wp-content\/uploads\/2016\/11\/AusflugstagSeminar.jpg 1280w\" sizes=\"(max-width: 300px) 100vw, 300px\" \/><\/a> <a href=\"http:\/\/simoneundjoachim.de\/de\/wp-content\/uploads\/2016\/11\/Vorlesung.jpg\"><img decoding=\"async\" loading=\"lazy\" class=\"alignnone size-medium wp-image-2481890\" alt=\"Vorlesung\" src=\"http:\/\/simoneundjoachim.de\/de\/wp-content\/uploads\/2016\/11\/Vorlesung-300x224.jpg\" width=\"300\" height=\"224\" srcset=\"http:\/\/simoneundjoachim.de\/de\/wp-content\/uploads\/2016\/11\/Vorlesung-300x224.jpg 300w, http:\/\/simoneundjoachim.de\/de\/wp-content\/uploads\/2016\/11\/Vorlesung-1024x766.jpg 1024w, http:\/\/simoneundjoachim.de\/de\/wp-content\/uploads\/2016\/11\/Vorlesung-400x300.jpg 400w, http:\/\/simoneundjoachim.de\/de\/wp-content\/uploads\/2016\/11\/Vorlesung.jpg 1280w\" sizes=\"(max-width: 300px) 100vw, 300px\" \/><\/a><br \/>\n<a href=\"http:\/\/simoneundjoachim.de\/de\/wp-content\/uploads\/2016\/11\/Missionsvortrag.jpg\"><img decoding=\"async\" loading=\"lazy\" class=\"alignnone size-medium wp-image-2481889\" alt=\"Missionsvortrag\" src=\"http:\/\/simoneundjoachim.de\/de\/wp-content\/uploads\/2016\/11\/Missionsvortrag-300x225.jpg\" width=\"300\" height=\"225\" srcset=\"http:\/\/simoneundjoachim.de\/de\/wp-content\/uploads\/2016\/11\/Missionsvortrag-300x225.jpg 300w, http:\/\/simoneundjoachim.de\/de\/wp-content\/uploads\/2016\/11\/Missionsvortrag-400x300.jpg 400w, http:\/\/simoneundjoachim.de\/de\/wp-content\/uploads\/2016\/11\/Missionsvortrag.jpg 720w\" sizes=\"(max-width: 300px) 100vw, 300px\" \/><\/a> <a href=\"http:\/\/simoneundjoachim.de\/de\/wp-content\/uploads\/2016\/11\/Kleingruppe.jpg\"><img decoding=\"async\" loading=\"lazy\" class=\"alignnone size-medium wp-image-2481888\" alt=\"Kleingruppe\" src=\"http:\/\/simoneundjoachim.de\/de\/wp-content\/uploads\/2016\/11\/Kleingruppe-300x225.jpg\" width=\"300\" height=\"225\" srcset=\"http:\/\/simoneundjoachim.de\/de\/wp-content\/uploads\/2016\/11\/Kleingruppe-300x225.jpg 300w, http:\/\/simoneundjoachim.de\/de\/wp-content\/uploads\/2016\/11\/Kleingruppe-1024x768.jpg 1024w, http:\/\/simoneundjoachim.de\/de\/wp-content\/uploads\/2016\/11\/Kleingruppe-400x300.jpg 400w, http:\/\/simoneundjoachim.de\/de\/wp-content\/uploads\/2016\/11\/Kleingruppe.jpg 1280w\" sizes=\"(max-width: 300px) 100vw, 300px\" \/><\/a><br \/>\nLetzte Woche waren die Semestermitte Tests und damit ist schon die H\u00e4lfte unseres zweiten Semesters am China Lutheran Seminary vor\u00fcber. Joachim ist wie im ersten Semester in der Kirchengeschichtsvorlesung dabei und kann sich so langsam vorbereiten auf den Inhalt der Vorlesung und nebenbei noch an seiner Arbeit weiterschreiben. Auch sonst sind f\u00fcr ihn noch neue Aufgaben in diesem Semester dazugekommen, wie zum Beispiel eine Kleingruppe mit den neuen Studenten die sich alle zwei Wochen bei uns zuhause trifft. Auch Gemeinschaftsaktionen geh\u00f6ren mit dazu, so haben wir vor zwei Wochen ein Ausflug mit allen Sch\u00fclern und Mitarbeitern des Seminars. Es ist sch\u00f6n, dass wir nun mehr und mehr Teil der Gemeinschaft hier sind und von vielen Leuten nun auch schon den chinesischen Namen wissen, was f\u00fcr uns Ausl\u00e4nder nicht immer so einfach zum Merken ist&#8230;<\/p>\n","protected":false},"excerpt":{"rendered":"<p>Letzte Woche waren die Semestermitte Tests und damit ist schon die H\u00e4lfte unseres zweiten Semesters am China Lutheran Seminary vor\u00fcber. Joachim ist wie im ersten Semester in der Kirchengeschichtsvorlesung dabei und kann sich so langsam vorbereiten auf den Inhalt der &hellip; <a class=\"more-link\" href=\"http:\/\/simoneundjoachim.de\/de\/2016\/11\/halbzeit-im-2-semester\/\">Weiterlesen <span class=\"meta-nav\">&rarr;<\/span><\/a><\/p>\n","protected":false},"author":1,"featured_media":0,"comment_status":"open","ping_status":"closed","sticky":false,"template":"","format":"standard","meta":{"_s2mail":"yes"},"categories":[11,7],"tags":[],"_links":{"self":[{"href":"http:\/\/simoneundjoachim.de\/de\/wp-json\/wp\/v2\/posts\/2481892"}],"collection":[{"href":"http:\/\/simoneundjoachim.de\/de\/wp-json\/wp\/v2\/posts"}],"about":[{"href":"http:\/\/simoneundjoachim.de\/de\/wp-json\/wp\/v2\/types\/post"}],"author":[{"embeddable":true,"href":"http:\/\/simoneundjoachim.de\/de\/wp-json\/wp\/v2\/users\/1"}],"replies":[{"embeddable":true,"href":"http:\/\/simoneundjoachim.de\/de\/wp-json\/wp\/v2\/comments?post=2481892"}],"version-history":[{"count":0,"href":"http:\/\/simoneundjoachim.de\/de\/wp-json\/wp\/v2\/posts\/2481892\/revisions"}],"wp:attachment":[{"href":"http:\/\/simoneundjoachim.de\/de\/wp-json\/wp\/v2\/media?parent=2481892"}],"wp:term":[{"taxonomy":"category","embeddable":true,"href":"http:\/\/simoneundjoachim.de\/de\/wp-json\/wp\/v2\/categories?post=2481892"},{"taxonomy":"post_tag","embeddable":true,"href":"http:\/\/simoneundjoachim.de\/de\/wp-json\/wp\/v2\/tags?post=2481892"}],"curies":[{"name":"wp","href":"https:\/\/api.w.org\/{rel}","templated":true}]}}