{"id":229,"date":"2012-03-04T19:36:34","date_gmt":"2012-03-04T23:36:34","guid":{"rendered":"http:\/\/www.simoneundjoachim.de\/blog\/?p=229"},"modified":"2012-03-04T19:36:34","modified_gmt":"2012-03-04T23:36:34","slug":"tornado","status":"publish","type":"post","link":"http:\/\/simoneundjoachim.de\/de\/2012\/03\/tornado\/","title":{"rendered":"Tornado!"},"content":{"rendered":"<p><a href=\"http:\/\/www.simoneundjoachim.de\/de\/wp-content\/uploads\/2012\/03\/ciu_tornado.jpg\"><img decoding=\"async\" loading=\"lazy\" class=\"alignnone size-full wp-image-232\" title=\"ciu_tornado\" src=\"http:\/\/www.simoneundjoachim.de\/de\/wp-content\/uploads\/2012\/03\/ciu_tornado.jpg\" alt=\"\" width=\"1024\" height=\"537\" \/><\/a><br \/>\nIn der Nacht von Freitag auf Samstag war hier tats\u00e4chlich ein Tornado. Nachts um halb 6 war es pl\u00f6tzlich ganz st\u00fcrmisch und laut, dann hat das Licht geflackert und der Strom war weg und dann war es auch ganz pl\u00f6tzlich wieder still.<\/p>\n<p>Am n\u00e4chsten Morgen haben wir dann das Ausma\u00df gesehen. Der Tornado hat das ganze Unigel\u00e4nde \u00fcberquert und es ist wirklich ein Wunder, dass nichts Schlimmeres passiert ist. Er hat ein paarmal die Richtung ge\u00e4ndert und ist so genau zwischen den Geb\u00e4uden hindurchgezogen. Au\u00dfer einigen umgest\u00fcrzten und abgerissenen B\u00e4umen gab es keine gr\u00f6\u00dferen Sch\u00e4den. Wir sind besonders froh, dass er einen gro\u00dfen Bogen um unser \u201eVillage\u201c gemacht hat. Denn selbst wenn hier nur die B\u00e4ume umgefallen w\u00e4ren, w\u00e4re das sicher recht unbequem f\u00fcr uns geworden\u2026<\/p>\n<p>Wir sind Gott sehr dankbar f\u00fcr seine Bewahrung. Er hat uns zwar nicht vor einem Tornado verschont, aber er hat den Sturm gelenkt. So hat er seine Macht noch viel deutlicher gezeigt, als wenn der Tornado erst gar nicht gekommen w\u00e4re.<\/p>\n<p><a href=\"http:\/\/www.simoneundjoachim.de\/de\/wp-content\/uploads\/2012\/03\/ciu_tornado_img-1.jpg\"><img decoding=\"async\" loading=\"lazy\" class=\"alignnone size-medium wp-image-234\" title=\"ciu_tornado_img 1\" src=\"http:\/\/www.simoneundjoachim.de\/de\/wp-content\/uploads\/2012\/03\/ciu_tornado_img-1-300x200.jpg\" alt=\"\" width=\"300\" height=\"200\" \/><\/a><a href=\"http:\/\/www.simoneundjoachim.de\/de\/wp-content\/uploads\/2012\/03\/ciu_tornado_img2.jpg\"><img decoding=\"async\" loading=\"lazy\" class=\"alignnone size-medium wp-image-235\" title=\"ciu_tornado_img2\" src=\"http:\/\/www.simoneundjoachim.de\/de\/wp-content\/uploads\/2012\/03\/ciu_tornado_img2-300x200.jpg\" alt=\"\" width=\"300\" height=\"200\" \/><\/a><\/p>\n","protected":false},"excerpt":{"rendered":"<p>In der Nacht von Freitag auf Samstag war hier tats\u00e4chlich ein Tornado. Nachts um halb 6 war es pl\u00f6tzlich ganz st\u00fcrmisch und laut, dann hat das Licht geflackert und der Strom war weg und dann war es auch ganz pl\u00f6tzlich &hellip; <a class=\"more-link\" href=\"http:\/\/simoneundjoachim.de\/de\/2012\/03\/tornado\/\">Weiterlesen <span class=\"meta-nav\">&rarr;<\/span><\/a><\/p>\n","protected":false},"author":1,"featured_media":0,"comment_status":"open","ping_status":"closed","sticky":false,"template":"","format":"standard","meta":{"_s2mail":""},"categories":[3,4],"tags":[],"_links":{"self":[{"href":"http:\/\/simoneundjoachim.de\/de\/wp-json\/wp\/v2\/posts\/229"}],"collection":[{"href":"http:\/\/simoneundjoachim.de\/de\/wp-json\/wp\/v2\/posts"}],"about":[{"href":"http:\/\/simoneundjoachim.de\/de\/wp-json\/wp\/v2\/types\/post"}],"author":[{"embeddable":true,"href":"http:\/\/simoneundjoachim.de\/de\/wp-json\/wp\/v2\/users\/1"}],"replies":[{"embeddable":true,"href":"http:\/\/simoneundjoachim.de\/de\/wp-json\/wp\/v2\/comments?post=229"}],"version-history":[{"count":0,"href":"http:\/\/simoneundjoachim.de\/de\/wp-json\/wp\/v2\/posts\/229\/revisions"}],"wp:attachment":[{"href":"http:\/\/simoneundjoachim.de\/de\/wp-json\/wp\/v2\/media?parent=229"}],"wp:term":[{"taxonomy":"category","embeddable":true,"href":"http:\/\/simoneundjoachim.de\/de\/wp-json\/wp\/v2\/categories?post=229"},{"taxonomy":"post_tag","embeddable":true,"href":"http:\/\/simoneundjoachim.de\/de\/wp-json\/wp\/v2\/tags?post=229"}],"curies":[{"name":"wp","href":"https:\/\/api.w.org\/{rel}","templated":true}]}}