{"id":197,"date":"2011-12-08T01:02:34","date_gmt":"2011-12-08T05:02:34","guid":{"rendered":"http:\/\/www.simoneundjoachim.de\/blog\/?p=197"},"modified":"2011-12-08T01:02:34","modified_gmt":"2011-12-08T05:02:34","slug":"advent-advent","status":"publish","type":"post","link":"http:\/\/simoneundjoachim.de\/de\/2011\/12\/advent-advent\/","title":{"rendered":"Advent, Advent"},"content":{"rendered":"<p><a href=\"http:\/\/www.simoneundjoachim.de\/de\/wp-content\/uploads\/2011\/12\/IMG_6429.jpg\"><img decoding=\"async\" loading=\"lazy\" class=\"alignnone size-medium wp-image-198\" title=\"IMG_6429\" src=\"http:\/\/www.simoneundjoachim.de\/de\/wp-content\/uploads\/2011\/12\/IMG_6429-300x199.jpg\" alt=\"\" width=\"300\" height=\"199\" \/><\/a><a href=\"http:\/\/www.simoneundjoachim.de\/de\/wp-content\/uploads\/2011\/12\/IMG_6432.jpg\"><img decoding=\"async\" loading=\"lazy\" class=\"alignnone size-medium wp-image-199\" title=\"IMG_6432\" src=\"http:\/\/www.simoneundjoachim.de\/de\/wp-content\/uploads\/2011\/12\/IMG_6432-300x199.jpg\" alt=\"\" width=\"300\" height=\"199\" \/><\/a><br \/>\nLange dauert es nicht mehr &#8211; dann ist Weihnachten. Bei uns scheint meistens die Sonne und es ist noch ziemlich warm. Und da soll schon der zweite Advent sein? Das ist manchmal kaum zu glauben, weil es so ganz anders ist als zu Hause. Aber trotzdem gibt es einige Dinge, die gleich sind: die Weihnachtsdekoration beim Einkaufen, Weihnachtsb\u00e4ume werden aufgestellt, manche Weihnachtslieder im Radio und auch in der Kirche,&#8230; Auch Pl\u00e4tzchen habe ich schon gebacken. Am liebsten w\u00fcrde Amy alle aufessen. Aber da muss sie wohl noch ein Weilchen damit warten, wor\u00fcber sie nicht sehr begeistert ist ;-)&#8230;<\/p>\n","protected":false},"excerpt":{"rendered":"<p>Lange dauert es nicht mehr &#8211; dann ist Weihnachten. Bei uns scheint meistens die Sonne und es ist noch ziemlich warm. Und da soll schon der zweite Advent sein? Das ist manchmal kaum zu glauben, weil es so ganz anders &hellip; <a class=\"more-link\" href=\"http:\/\/simoneundjoachim.de\/de\/2011\/12\/advent-advent\/\">Weiterlesen <span class=\"meta-nav\">&rarr;<\/span><\/a><\/p>\n","protected":false},"author":2,"featured_media":0,"comment_status":"open","ping_status":"closed","sticky":false,"template":"","format":"standard","meta":{"_s2mail":""},"categories":[2,3],"tags":[],"_links":{"self":[{"href":"http:\/\/simoneundjoachim.de\/de\/wp-json\/wp\/v2\/posts\/197"}],"collection":[{"href":"http:\/\/simoneundjoachim.de\/de\/wp-json\/wp\/v2\/posts"}],"about":[{"href":"http:\/\/simoneundjoachim.de\/de\/wp-json\/wp\/v2\/types\/post"}],"author":[{"embeddable":true,"href":"http:\/\/simoneundjoachim.de\/de\/wp-json\/wp\/v2\/users\/2"}],"replies":[{"embeddable":true,"href":"http:\/\/simoneundjoachim.de\/de\/wp-json\/wp\/v2\/comments?post=197"}],"version-history":[{"count":0,"href":"http:\/\/simoneundjoachim.de\/de\/wp-json\/wp\/v2\/posts\/197\/revisions"}],"wp:attachment":[{"href":"http:\/\/simoneundjoachim.de\/de\/wp-json\/wp\/v2\/media?parent=197"}],"wp:term":[{"taxonomy":"category","embeddable":true,"href":"http:\/\/simoneundjoachim.de\/de\/wp-json\/wp\/v2\/categories?post=197"},{"taxonomy":"post_tag","embeddable":true,"href":"http:\/\/simoneundjoachim.de\/de\/wp-json\/wp\/v2\/tags?post=197"}],"curies":[{"name":"wp","href":"https:\/\/api.w.org\/{rel}","templated":true}]}}