{"id":140355,"date":"2013-07-24T13:49:30","date_gmt":"2013-07-24T11:49:30","guid":{"rendered":"http:\/\/simoneundjoachim.de\/de\/?p=140355"},"modified":"2013-07-24T13:49:30","modified_gmt":"2013-07-24T11:49:30","slug":"mitarbeit-in-marburg","status":"publish","type":"post","link":"http:\/\/simoneundjoachim.de\/de\/2013\/07\/mitarbeit-in-marburg\/","title":{"rendered":"Mitarbeit in Marburg"},"content":{"rendered":"<p><a href=\"http:\/\/simoneundjoachim.de\/de\/wp-content\/uploads\/2013\/07\/DSC01285.jpg\"><img decoding=\"async\" loading=\"lazy\" class=\"alignnone size-medium wp-image-140356\" alt=\"DSC01285\" src=\"http:\/\/simoneundjoachim.de\/de\/wp-content\/uploads\/2013\/07\/DSC01285-300x199.jpg\" width=\"300\" height=\"199\" srcset=\"http:\/\/simoneundjoachim.de\/de\/wp-content\/uploads\/2013\/07\/DSC01285-300x199.jpg 300w, http:\/\/simoneundjoachim.de\/de\/wp-content\/uploads\/2013\/07\/DSC01285-1024x680.jpg 1024w, http:\/\/simoneundjoachim.de\/de\/wp-content\/uploads\/2013\/07\/DSC01285-451x300.jpg 451w, http:\/\/simoneundjoachim.de\/de\/wp-content\/uploads\/2013\/07\/DSC01285.jpg 1280w\" sizes=\"(max-width: 300px) 100vw, 300px\" \/><\/a> <a href=\"http:\/\/simoneundjoachim.de\/de\/wp-content\/uploads\/2013\/07\/IMG_3855.jpg\"><img decoding=\"async\" loading=\"lazy\" class=\"alignnone size-medium wp-image-140357\" alt=\"IMG_3855\" src=\"http:\/\/simoneundjoachim.de\/de\/wp-content\/uploads\/2013\/07\/IMG_3855-300x199.jpg\" width=\"300\" height=\"199\" srcset=\"http:\/\/simoneundjoachim.de\/de\/wp-content\/uploads\/2013\/07\/IMG_3855-300x199.jpg 300w, http:\/\/simoneundjoachim.de\/de\/wp-content\/uploads\/2013\/07\/IMG_3855-1024x680.jpg 1024w, http:\/\/simoneundjoachim.de\/de\/wp-content\/uploads\/2013\/07\/IMG_3855-451x300.jpg 451w, http:\/\/simoneundjoachim.de\/de\/wp-content\/uploads\/2013\/07\/IMG_3855.jpg 1280w\" sizes=\"(max-width: 300px) 100vw, 300px\" \/><\/a><br \/>\nLetzte Woche waren wir wieder einmal f\u00fcr eine Woche in der Zentrale der Marburger Mission in Marburg mit dabei. Dieses Mal haben wir beim Missionsdirektor Rainer Becker und seiner Frau zu Hause gewohnt und haben die Gemeinschaft sehr genossen. \u00a0Es ist immer wieder sch\u00f6n, die Mitarbeiter in der Zentrale zu treffen und sie besser kennen zu lernen. Amy liebt es die Mitarbeiterinnen im B\u00fcro zu besuchen und von ihrer Arbeit abzuhalten ;-). Joachim hat unter anderem an der englischen \u00dcbersetzung der Homepage der Marburger Mission gearbeitet und hat sich um die Papiere f\u00fcr unsere Visa gek\u00fcmmert. Da das Wetter letzte Woche wirklich toll war, konnten wir dieses Mal sogar ein Planschbecken im Garten aufbauen, was Amy sehr toll fand. Immer wieder kam auch die Frau eines Kollegen mit ihrem kleinen Sohn Jonathan zu Besuch. Mit einer anderen Familie, die im September als Missionare nach Albanien geht, konnten wir uns schon \u00f6fter zum Abendessen treffen. Als wir das letzte Mal im Juni in Marburg waren, haben wir sogar gemeinsam mit einigen anderen Kollegen ein Grillfest im Garten unseres Direktors gefeiert (nat\u00fcrlich nach der Arbeit \ud83d\ude09 ).<\/p>\n","protected":false},"excerpt":{"rendered":"<p>Letzte Woche waren wir wieder einmal f\u00fcr eine Woche in der Zentrale der Marburger Mission in Marburg mit dabei. Dieses Mal haben wir beim Missionsdirektor Rainer Becker und seiner Frau zu Hause gewohnt und haben die Gemeinschaft sehr genossen. \u00a0Es &hellip; <a class=\"more-link\" href=\"http:\/\/simoneundjoachim.de\/de\/2013\/07\/mitarbeit-in-marburg\/\">Weiterlesen <span class=\"meta-nav\">&rarr;<\/span><\/a><\/p>\n","protected":false},"author":1,"featured_media":0,"comment_status":"open","ping_status":"closed","sticky":false,"template":"","format":"standard","meta":{"_s2mail":"yes"},"categories":[2,7],"tags":[],"_links":{"self":[{"href":"http:\/\/simoneundjoachim.de\/de\/wp-json\/wp\/v2\/posts\/140355"}],"collection":[{"href":"http:\/\/simoneundjoachim.de\/de\/wp-json\/wp\/v2\/posts"}],"about":[{"href":"http:\/\/simoneundjoachim.de\/de\/wp-json\/wp\/v2\/types\/post"}],"author":[{"embeddable":true,"href":"http:\/\/simoneundjoachim.de\/de\/wp-json\/wp\/v2\/users\/1"}],"replies":[{"embeddable":true,"href":"http:\/\/simoneundjoachim.de\/de\/wp-json\/wp\/v2\/comments?post=140355"}],"version-history":[{"count":0,"href":"http:\/\/simoneundjoachim.de\/de\/wp-json\/wp\/v2\/posts\/140355\/revisions"}],"wp:attachment":[{"href":"http:\/\/simoneundjoachim.de\/de\/wp-json\/wp\/v2\/media?parent=140355"}],"wp:term":[{"taxonomy":"category","embeddable":true,"href":"http:\/\/simoneundjoachim.de\/de\/wp-json\/wp\/v2\/categories?post=140355"},{"taxonomy":"post_tag","embeddable":true,"href":"http:\/\/simoneundjoachim.de\/de\/wp-json\/wp\/v2\/tags?post=140355"}],"curies":[{"name":"wp","href":"https:\/\/api.w.org\/{rel}","templated":true}]}}